{"id":805,"date":"2012-05-23T12:07:55","date_gmt":"2012-05-23T12:07:55","guid":{"rendered":"http:\/\/www.bbaa.uma.es\/blog\/?p=805"},"modified":"2012-05-23T12:08:29","modified_gmt":"2012-05-23T12:08:29","slug":"conferencia-formacion-orientada-itinerarios-profesionales-asociados-a-las-asignaturas-optativas-en-el-plan-de-estudios-de-grado-en-bellas-artes-impartida-por-jesus-marin","status":"publish","type":"post","link":"https:\/\/www.bbaa.uma.es\/blog\/conferencia-formacion-orientada-itinerarios-profesionales-asociados-a-las-asignaturas-optativas-en-el-plan-de-estudios-de-grado-en-bellas-artes-impartida-por-jesus-marin\/","title":{"rendered":"Conferencia: \u00abFormaci\u00f3n orientada\u00bb &#8211; impartida por JES\u00daS MAR\u00cdN"},"content":{"rendered":"<p>MA\u00d1ANA, Jueves 24 de mayo de 2012<br \/>\nConferencia:\u201cFormaci\u00f3n orientada: itinerarios profesionales asociados a las  asignaturas optativas en el plan de estudios de Grado en Bellas Artes\u201d<\/p>\n<p>Impartida por: Jes\u00fas Mar\u00edn &#8211; Vicedecano de Ordenaci\u00f3n Acad\u00e9mica de la facultad<br \/>\nHora: 12:00 horas.<br \/>\nLugar: Sal\u00f3n de Actos.<\/p>\n","protected":false},"excerpt":{"rendered":"<p>MA\u00d1ANA, Jueves 24 de mayo de 2012 Conferencia:\u201cFormaci\u00f3n orientada: itinerarios profesionales asociados a las asignaturas optativas en el plan de estudios de Grado en Bellas Artes\u201d Impartida por: Jes\u00fas Mar\u00edn &#8211; Vicedecano de Ordenaci\u00f3n Acad\u00e9mica de la facultad Hora: 12:00 horas. Lugar: Sal\u00f3n de Actos.<\/p>\n","protected":false},"author":14,"featured_media":0,"comment_status":"open","ping_status":"open","sticky":false,"template":"","format":"standard","meta":{"ngg_post_thumbnail":0,"footnotes":""},"categories":[17,19,11],"tags":[],"class_list":["post-805","post","type-post","status-publish","format-standard","hentry","category-alumnos","category-conferencias","category-orientacion-profesional"],"_links":{"self":[{"href":"https:\/\/www.bbaa.uma.es\/blog\/wp-json\/wp\/v2\/posts\/805","targetHints":{"allow":["GET"]}}],"collection":[{"href":"https:\/\/www.bbaa.uma.es\/blog\/wp-json\/wp\/v2\/posts"}],"about":[{"href":"https:\/\/www.bbaa.uma.es\/blog\/wp-json\/wp\/v2\/types\/post"}],"author":[{"embeddable":true,"href":"https:\/\/www.bbaa.uma.es\/blog\/wp-json\/wp\/v2\/users\/14"}],"replies":[{"embeddable":true,"href":"https:\/\/www.bbaa.uma.es\/blog\/wp-json\/wp\/v2\/comments?post=805"}],"version-history":[{"count":0,"href":"https:\/\/www.bbaa.uma.es\/blog\/wp-json\/wp\/v2\/posts\/805\/revisions"}],"wp:attachment":[{"href":"https:\/\/www.bbaa.uma.es\/blog\/wp-json\/wp\/v2\/media?parent=805"}],"wp:term":[{"taxonomy":"category","embeddable":true,"href":"https:\/\/www.bbaa.uma.es\/blog\/wp-json\/wp\/v2\/categories?post=805"},{"taxonomy":"post_tag","embeddable":true,"href":"https:\/\/www.bbaa.uma.es\/blog\/wp-json\/wp\/v2\/tags?post=805"}],"curies":[{"name":"wp","href":"https:\/\/api.w.org\/{rel}","templated":true}]}}