{"id":7904,"date":"2025-01-21T16:22:14","date_gmt":"2025-01-21T15:22:14","guid":{"rendered":"https:\/\/www.bbaa.uma.es\/blog\/?p=7904"},"modified":"2025-03-09T11:04:52","modified_gmt":"2025-03-09T10:04:52","slug":"inauguracion-exposicion-un-gesto-un-objeto-un-habla-de-marta-iranzo-24-01-25-1900-sala-de-exp-chema-cobo-de-la-f-bb-aa","status":"publish","type":"post","link":"https:\/\/www.bbaa.uma.es\/blog\/inauguracion-exposicion-un-gesto-un-objeto-un-habla-de-marta-iranzo-24-01-25-1900-sala-de-exp-chema-cobo-de-la-f-bb-aa\/","title":{"rendered":"Inauguraci\u00f3n Exposici\u00f3n: \u201cUn gesto, un objeto, un habla\u201d de Marta Iranzo. 24\/01\/25, 19:00. Sala de Exp. Chema Cobo de la F. BB.AA."},"content":{"rendered":"<p><a href=\"https:\/\/www.bbaa.uma.es\/blog\/wp-content\/uploads\/2025\/01\/IGPub-Marta.png\"><img loading=\"lazy\" decoding=\"async\" class=\"size-medium wp-image-7901 aligncenter\" src=\"https:\/\/www.bbaa.uma.es\/blog\/wp-content\/uploads\/2025\/01\/IGPub-Marta-300x300.png\" alt=\"\" width=\"300\" height=\"300\" srcset=\"https:\/\/www.bbaa.uma.es\/blog\/wp-content\/uploads\/2025\/01\/IGPub-Marta-300x300.png 300w, https:\/\/www.bbaa.uma.es\/blog\/wp-content\/uploads\/2025\/01\/IGPub-Marta-785x785.png 785w, https:\/\/www.bbaa.uma.es\/blog\/wp-content\/uploads\/2025\/01\/IGPub-Marta-37x37.png 37w, https:\/\/www.bbaa.uma.es\/blog\/wp-content\/uploads\/2025\/01\/IGPub-Marta-768x768.png 768w, https:\/\/www.bbaa.uma.es\/blog\/wp-content\/uploads\/2025\/01\/IGPub-Marta-1536x1536.png 1536w, https:\/\/www.bbaa.uma.es\/blog\/wp-content\/uploads\/2025\/01\/IGPub-Marta-2048x2048.png 2048w\" sizes=\"auto, (max-width: 300px) 100vw, 300px\" \/><\/a><strong>Artista:<\/strong> Marta Iranzo.<\/p>\n<p><strong>Exposici\u00f3n:<\/strong> <em>\u201cUn gesto, un objeto, un habla\u201d<\/em><\/p>\n<p><strong>Lugar:<\/strong> Sala de Exposiciones Chema Cobo, Facultad de Bellas Artes de M\u00e1laga. Acceso por Plaza El Ejido, 1. 29071. M\u00e1laga.<\/p>\n<p><strong>Inauguraci\u00f3n:<\/strong> Viernes 24 de enero de 2025, 19:00 h.<\/p>\n<p><strong>Horarios y duraci\u00f3n:<\/strong> de 9 a 14:30 h y de 16 a 20:30 h, de lunes a viernes. Del 24 de enero al 27 de febrero de 2025.<\/p>\n<p><strong>Comisariado<\/strong>: Jes\u00fas Palomino y Jorge Montalb\u00e1n<\/p>\n<p><strong>Producci\u00f3n:<\/strong> Vicerrectorado de Cultura y Facultad de Bellas Artes de la Universidad de M\u00e1laga.<\/p>\n<p><a href=\"https:\/\/www.bbaa.uma.es\/blog\/wp-content\/uploads\/2025\/01\/IGPub-Marta3.png\"><img loading=\"lazy\" decoding=\"async\" class=\"size-medium wp-image-7903 aligncenter\" src=\"https:\/\/www.bbaa.uma.es\/blog\/wp-content\/uploads\/2025\/01\/IGPub-Marta3-300x300.png\" alt=\"\" width=\"300\" height=\"300\" srcset=\"https:\/\/www.bbaa.uma.es\/blog\/wp-content\/uploads\/2025\/01\/IGPub-Marta3-300x300.png 300w, https:\/\/www.bbaa.uma.es\/blog\/wp-content\/uploads\/2025\/01\/IGPub-Marta3-785x785.png 785w, https:\/\/www.bbaa.uma.es\/blog\/wp-content\/uploads\/2025\/01\/IGPub-Marta3-37x37.png 37w, https:\/\/www.bbaa.uma.es\/blog\/wp-content\/uploads\/2025\/01\/IGPub-Marta3-768x768.png 768w, https:\/\/www.bbaa.uma.es\/blog\/wp-content\/uploads\/2025\/01\/IGPub-Marta3-1536x1536.png 1536w, https:\/\/www.bbaa.uma.es\/blog\/wp-content\/uploads\/2025\/01\/IGPub-Marta3-2048x2048.png 2048w\" sizes=\"auto, (max-width: 300px) 100vw, 300px\" \/><\/a>La <strong>Sala de Exposiciones Chema Cobo de la Facultad de Bellas Artes <\/strong>y el <strong>Vicerrectorado de Cultura de la Universidad de M\u00e1laga<\/strong> presentan <strong><em>Un gesto, un objeto, un habla<\/em><\/strong>, un proyecto de la artista multidisciplinar <strong>Marta Iranzo<\/strong> donde se pregunta: \u201c\u00bfc\u00f3mo habitar un paisaje completamente inundado, de formas blandas?\u201d.<\/p>\n<p>La ola del<em> melillero<\/em> es un fen\u00f3meno que, aunque cotidiano para quienes habitan las playas de M\u00e1laga, guarda una potencia simb\u00f3lica capaz de trascender su literalidad. Este fen\u00f3meno, que se produce cada vez que el barco procedente de Melilla se aproxima al puerto, genera una ola que altera moment\u00e1neamente la l\u00ednea de la orilla, un evento c\u00edclico que encierra una po\u00e9tica de repetici\u00f3n, ruptura y transformaci\u00f3n. La ola, que deviene mito local, resulta una suerte de \u00abhabla\u00bb en el sentido barthesiano, que toma lo cotidiano y lo transforma en un relato de significados m\u00faltiples. El melillero no es solo un barco que cruza aguas, sino un veh\u00edculo simb\u00f3lico que trae consigo la posibilidad de imaginar un tsunami que sobrepase los l\u00edmites del paisaje.<\/p>\n<p>A partir de este acontecimiento tan localizado, <em>Un gesto, un objeto, un habla<\/em> construye una narrativa que explora c\u00f3mo distintos gestos adquieren resonancias m\u00edticas y abren otras formas de habitar el espacio; gestos que contienen una memoria geol\u00f3gica y la suficiente potencia transformadora. En la muestra, la artista presenta un conjunto instalativo de obras que dialogan entre s\u00ed como fragmentos de un mapa simb\u00f3lico que nunca est\u00e1 del todo trazado e invitan al espectador a desplazarse a trav\u00e9s de un territorio incierto y desbordado. Asimismo, se recomienda visitar la exposici\u00f3n con la mirada entornada.<\/p>\n<p>La exposici\u00f3n, comisariada por Jes\u00fas Palomino y Jorge Montalb\u00e1n, estar\u00e1 acompa\u00f1ada de una publicaci\u00f3n de la Universidad de M\u00e1laga que contar\u00e1 con sendos textos suyos.<\/p>\n<p><strong>Marta Iranzo<\/strong> (M\u00e1laga, 2000) es Graduada en Bellas Artes por la Universidad de Granada (2023) y M\u00e1ster en Producci\u00f3n Art\u00edstica Interdisciplinar por la Universidad de M\u00e1laga (2024). Ha tenido la oportunidad de elaborar proyectos en diversas residencias art\u00edsticas junto a instituciones como el Centro Jos\u00e9 Guerrero (Granada, 2021), el Museo de Arte Contempor\u00e1neo Florencio de la Fuente (Cuenca, 2022) o AlRaso 23 (Granada, 2023). Tambi\u00e9n ha participado en exposiciones colectivas tales como <em>No era lo \u00fanico que pod\u00eda imaginarse<\/em> (Granada, 2022), <em>Open Studios 24<\/em> (M\u00e1laga, 2024) o <em>PROYECTOR 24<\/em> (Madrid, 2024). Individualmente, ha expuesto el proyecto <em>You Are Here<\/em> en Espacio 11m3 Projektraum (Weimar, 2021) y<em> Sigue buscando cosas en lugares donde no hay nada<\/em> en Espacio Lavadero (Granada, 2022).<\/p>\n","protected":false},"excerpt":{"rendered":"<p>Artista: Marta Iranzo. Exposici\u00f3n: \u201cUn gesto, un objeto, un habla\u201d Lugar: Sala de Exposiciones Chema Cobo, Facultad de Bellas Artes de M\u00e1laga. Acceso por Plaza El Ejido, 1. 29071. M\u00e1laga. Inauguraci\u00f3n: Viernes 24 de enero de 2025, 19:00 h. Horarios y duraci\u00f3n: de 9 a 14:30 h y de 16 a 20:30 h, de lunes &hellip; <a href=\"https:\/\/www.bbaa.uma.es\/blog\/inauguracion-exposicion-un-gesto-un-objeto-un-habla-de-marta-iranzo-24-01-25-1900-sala-de-exp-chema-cobo-de-la-f-bb-aa\/\" class=\"more-link\">Seguir leyendo <span class=\"screen-reader-text\">Inauguraci\u00f3n Exposici\u00f3n: \u201cUn gesto, un objeto, un habla\u201d de Marta Iranzo. 24\/01\/25, 19:00. Sala de Exp. Chema Cobo de la F. BB.AA.<\/span> <span class=\"meta-nav\">&rarr;<\/span><\/a><\/p>\n","protected":false},"author":10,"featured_media":7902,"comment_status":"closed","ping_status":"open","sticky":false,"template":"","format":"standard","meta":{"ngg_post_thumbnail":0,"footnotes":""},"categories":[16,6,44,34],"tags":[],"class_list":["post-7904","post","type-post","status-publish","format-standard","has-post-thumbnail","hentry","category-cultura","category-exposiciones","category-exposiciones-bbaamalaga","category-facultad"],"_links":{"self":[{"href":"https:\/\/www.bbaa.uma.es\/blog\/wp-json\/wp\/v2\/posts\/7904","targetHints":{"allow":["GET"]}}],"collection":[{"href":"https:\/\/www.bbaa.uma.es\/blog\/wp-json\/wp\/v2\/posts"}],"about":[{"href":"https:\/\/www.bbaa.uma.es\/blog\/wp-json\/wp\/v2\/types\/post"}],"author":[{"embeddable":true,"href":"https:\/\/www.bbaa.uma.es\/blog\/wp-json\/wp\/v2\/users\/10"}],"replies":[{"embeddable":true,"href":"https:\/\/www.bbaa.uma.es\/blog\/wp-json\/wp\/v2\/comments?post=7904"}],"version-history":[{"count":1,"href":"https:\/\/www.bbaa.uma.es\/blog\/wp-json\/wp\/v2\/posts\/7904\/revisions"}],"predecessor-version":[{"id":7905,"href":"https:\/\/www.bbaa.uma.es\/blog\/wp-json\/wp\/v2\/posts\/7904\/revisions\/7905"}],"wp:featuredmedia":[{"embeddable":true,"href":"https:\/\/www.bbaa.uma.es\/blog\/wp-json\/wp\/v2\/media\/7902"}],"wp:attachment":[{"href":"https:\/\/www.bbaa.uma.es\/blog\/wp-json\/wp\/v2\/media?parent=7904"}],"wp:term":[{"taxonomy":"category","embeddable":true,"href":"https:\/\/www.bbaa.uma.es\/blog\/wp-json\/wp\/v2\/categories?post=7904"},{"taxonomy":"post_tag","embeddable":true,"href":"https:\/\/www.bbaa.uma.es\/blog\/wp-json\/wp\/v2\/tags?post=7904"}],"curies":[{"name":"wp","href":"https:\/\/api.w.org\/{rel}","templated":true}]}}