{"id":784,"date":"2012-05-14T18:27:05","date_gmt":"2012-05-14T18:27:05","guid":{"rendered":"http:\/\/www.bbaa.uma.es\/blog\/?p=784"},"modified":"2012-05-14T18:27:05","modified_gmt":"2012-05-14T18:27:05","slug":"conferencia-orientacion-profesional","status":"publish","type":"post","link":"https:\/\/www.bbaa.uma.es\/blog\/conferencia-orientacion-profesional\/","title":{"rendered":"conferencia &#8211; orientaci\u00f3n profesional"},"content":{"rendered":"<p>La conferencia prevista para ma\u00f1ana 15 de mayo dentro del Plan Espec\u00edfico de Orientaci\u00f3n de la Facultad titulada <strong>\u00abFormaci\u00f3n orientada: itinerarios profesionales asociados a las asignaturas optativas en el plan de estudios de Grado en Bellas Artes\u00bb<\/strong> impartida por <strong>Jes\u00fas Mar\u00edn<\/strong>, se postpone al <strong>jueves 24 de mayo a las 12:00 horas, en el Sal\u00f3n de Actos.<\/strong><\/p>\n","protected":false},"excerpt":{"rendered":"<p>La conferencia prevista para ma\u00f1ana 15 de mayo dentro del Plan Espec\u00edfico de Orientaci\u00f3n de la Facultad titulada \u00abFormaci\u00f3n orientada: itinerarios profesionales asociados a las asignaturas optativas en el plan de estudios de Grado en Bellas Artes\u00bb impartida por Jes\u00fas Mar\u00edn, se postpone al jueves 24 de mayo a las 12:00 horas, en el Sal\u00f3n &hellip; <a href=\"https:\/\/www.bbaa.uma.es\/blog\/conferencia-orientacion-profesional\/\" class=\"more-link\">Seguir leyendo <span class=\"screen-reader-text\">conferencia &#8211; orientaci\u00f3n profesional<\/span> <span class=\"meta-nav\">&rarr;<\/span><\/a><\/p>\n","protected":false},"author":14,"featured_media":0,"comment_status":"open","ping_status":"open","sticky":false,"template":"","format":"standard","meta":{"ngg_post_thumbnail":0,"footnotes":""},"categories":[17,19],"tags":[],"class_list":["post-784","post","type-post","status-publish","format-standard","hentry","category-alumnos","category-conferencias"],"_links":{"self":[{"href":"https:\/\/www.bbaa.uma.es\/blog\/wp-json\/wp\/v2\/posts\/784","targetHints":{"allow":["GET"]}}],"collection":[{"href":"https:\/\/www.bbaa.uma.es\/blog\/wp-json\/wp\/v2\/posts"}],"about":[{"href":"https:\/\/www.bbaa.uma.es\/blog\/wp-json\/wp\/v2\/types\/post"}],"author":[{"embeddable":true,"href":"https:\/\/www.bbaa.uma.es\/blog\/wp-json\/wp\/v2\/users\/14"}],"replies":[{"embeddable":true,"href":"https:\/\/www.bbaa.uma.es\/blog\/wp-json\/wp\/v2\/comments?post=784"}],"version-history":[{"count":0,"href":"https:\/\/www.bbaa.uma.es\/blog\/wp-json\/wp\/v2\/posts\/784\/revisions"}],"wp:attachment":[{"href":"https:\/\/www.bbaa.uma.es\/blog\/wp-json\/wp\/v2\/media?parent=784"}],"wp:term":[{"taxonomy":"category","embeddable":true,"href":"https:\/\/www.bbaa.uma.es\/blog\/wp-json\/wp\/v2\/categories?post=784"},{"taxonomy":"post_tag","embeddable":true,"href":"https:\/\/www.bbaa.uma.es\/blog\/wp-json\/wp\/v2\/tags?post=784"}],"curies":[{"name":"wp","href":"https:\/\/api.w.org\/{rel}","templated":true}]}}