{"id":780,"date":"2012-05-14T09:52:57","date_gmt":"2012-05-14T09:52:57","guid":{"rendered":"http:\/\/www.bbaa.uma.es\/blog\/?p=780"},"modified":"2012-05-14T09:52:57","modified_gmt":"2012-05-14T09:52:57","slug":"exposicion-la-palabra-dibujada-de-fernando-robles","status":"publish","type":"post","link":"https:\/\/www.bbaa.uma.es\/blog\/exposicion-la-palabra-dibujada-de-fernando-robles\/","title":{"rendered":"Exposici\u00f3n \u00abLA PALABRA DIBUJADA\u00bb &#8211; de Fernando Robles"},"content":{"rendered":"<p>Exposici\u00f3n<strong> LA PALABRA DIBUJADA. Capitulo II, Arquitecturas como escenarios para la pintura <\/strong>de<strong> Fernando Robles<\/strong> del 18\/05\/2012 al 31\/05\/2012. SALA DE EXPOSICIONES AXARQU\u00cdA. En el IES Bezmiliana.\u00a0 Urb. Gran Sol s\/n 29730, Rinc\u00f3n de la Victoria, M\u00e1laga.<strong> <\/strong><\/p>\n<p><strong>Inauguraci\u00f3n: pr\u00f3ximo viernes 18 de mayo de 2012, a las 21:00 horas.<\/strong><\/p>\n<p><strong><a href=\"http:\/\/www.bbaa.uma.es\/blog\/wp-content\/uploads\/2012\/05\/F.R.-inv-2.jpg\"><img loading=\"lazy\" decoding=\"async\" class=\"aligncenter size-full wp-image-781\" title=\"F.R.-inv 2\" src=\"http:\/\/www.bbaa.uma.es\/blog\/wp-content\/uploads\/2012\/05\/F.R.-inv-2.jpg\" alt=\"\" width=\"2490\" height=\"1178\" srcset=\"https:\/\/www.bbaa.uma.es\/blog\/wp-content\/uploads\/2012\/05\/F.R.-inv-2.jpg 1600w, https:\/\/www.bbaa.uma.es\/blog\/wp-content\/uploads\/2012\/05\/F.R.-inv-2-300x141.jpg 300w, https:\/\/www.bbaa.uma.es\/blog\/wp-content\/uploads\/2012\/05\/F.R.-inv-2-785x371.jpg 785w\" sizes=\"auto, (max-width: 2490px) 100vw, 2490px\" \/><\/a><br \/>\n<\/strong><\/p>\n","protected":false},"excerpt":{"rendered":"<p>Exposici\u00f3n LA PALABRA DIBUJADA. Capitulo II, Arquitecturas como escenarios para la pintura de Fernando Robles del 18\/05\/2012 al 31\/05\/2012. SALA DE EXPOSICIONES AXARQU\u00cdA. En el IES Bezmiliana.\u00a0 Urb. Gran Sol s\/n 29730, Rinc\u00f3n de la Victoria, M\u00e1laga. Inauguraci\u00f3n: pr\u00f3ximo viernes 18 de mayo de 2012, a las 21:00 horas.<\/p>\n","protected":false},"author":14,"featured_media":781,"comment_status":"open","ping_status":"open","sticky":false,"template":"","format":"standard","meta":{"ngg_post_thumbnail":0,"footnotes":""},"categories":[6],"tags":[],"class_list":["post-780","post","type-post","status-publish","format-standard","has-post-thumbnail","hentry","category-exposiciones"],"_links":{"self":[{"href":"https:\/\/www.bbaa.uma.es\/blog\/wp-json\/wp\/v2\/posts\/780","targetHints":{"allow":["GET"]}}],"collection":[{"href":"https:\/\/www.bbaa.uma.es\/blog\/wp-json\/wp\/v2\/posts"}],"about":[{"href":"https:\/\/www.bbaa.uma.es\/blog\/wp-json\/wp\/v2\/types\/post"}],"author":[{"embeddable":true,"href":"https:\/\/www.bbaa.uma.es\/blog\/wp-json\/wp\/v2\/users\/14"}],"replies":[{"embeddable":true,"href":"https:\/\/www.bbaa.uma.es\/blog\/wp-json\/wp\/v2\/comments?post=780"}],"version-history":[{"count":0,"href":"https:\/\/www.bbaa.uma.es\/blog\/wp-json\/wp\/v2\/posts\/780\/revisions"}],"wp:featuredmedia":[{"embeddable":true,"href":"https:\/\/www.bbaa.uma.es\/blog\/wp-json\/wp\/v2\/media\/781"}],"wp:attachment":[{"href":"https:\/\/www.bbaa.uma.es\/blog\/wp-json\/wp\/v2\/media?parent=780"}],"wp:term":[{"taxonomy":"category","embeddable":true,"href":"https:\/\/www.bbaa.uma.es\/blog\/wp-json\/wp\/v2\/categories?post=780"},{"taxonomy":"post_tag","embeddable":true,"href":"https:\/\/www.bbaa.uma.es\/blog\/wp-json\/wp\/v2\/tags?post=780"}],"curies":[{"name":"wp","href":"https:\/\/api.w.org\/{rel}","templated":true}]}}