{"id":6181,"date":"2019-11-27T13:38:08","date_gmt":"2019-11-27T13:38:08","guid":{"rendered":"https:\/\/www.bbaa.uma.es\/blog\/?p=6181"},"modified":"2020-02-14T08:03:21","modified_gmt":"2020-02-14T08:03:21","slug":"conferencia-muntadas-archivos-traducciones-y-protocolos-por-antoni-muntadas-3-12-19-1100-salon-de-actos-facultad-de-bb-aa","status":"publish","type":"post","link":"https:\/\/www.bbaa.uma.es\/blog\/conferencia-muntadas-archivos-traducciones-y-protocolos-por-antoni-muntadas-3-12-19-1100-salon-de-actos-facultad-de-bb-aa\/","title":{"rendered":"Conferencia \u00abMuntadas: Archivos, Traducciones y Protocolos\u00bb por Antoni Muntadas. 3\/12\/19, 11:00. Sal\u00f3n de Actos F. BB.AA."},"content":{"rendered":"<p><img loading=\"lazy\" decoding=\"async\" class=\"alignnone size-medium wp-image-6180\" src=\"https:\/\/www.bbaa.uma.es\/blog\/wp-content\/uploads\/2019\/11\/anuncio-CV-confe-muntadas-300x300.jpg\" alt=\"\" height=\"300\" width=\"300\" srcset=\"https:\/\/www.bbaa.uma.es\/blog\/wp-content\/uploads\/2019\/11\/anuncio-CV-confe-muntadas-300x300.jpg 300w, https:\/\/www.bbaa.uma.es\/blog\/wp-content\/uploads\/2019\/11\/anuncio-CV-confe-muntadas-37x37.jpg 37w, https:\/\/www.bbaa.uma.es\/blog\/wp-content\/uploads\/2019\/11\/anuncio-CV-confe-muntadas-768x768.jpg 768w, https:\/\/www.bbaa.uma.es\/blog\/wp-content\/uploads\/2019\/11\/anuncio-CV-confe-muntadas-785x785.jpg 785w, https:\/\/www.bbaa.uma.es\/blog\/wp-content\/uploads\/2019\/11\/anuncio-CV-confe-muntadas.jpg 900w\" sizes=\"auto, (max-width: 300px) 100vw, 300px\" \/><\/p>\n<p><strong>Antoni Muntadas<\/strong>&nbsp;(<a href=\"https:\/\/es.wikipedia.org\/wiki\/Barcelona\">Barcelona<\/a>, 1942) \u200bes un artista internacional multimedia, residente en&nbsp;<a href=\"https:\/\/es.wikipedia.org\/wiki\/Nueva_York\">Nueva York<\/a>&nbsp;desde 1971. Desde una perspectiva cr\u00edtica, su obra aborda temas sociales, pol\u00edticos y de comunicaci\u00f3n de todo el mundo, como la relaci\u00f3n entre el espacio p\u00fablico y privado dentro de determinados marcos sociales o los canales de informaci\u00f3n y la forma en que son utilizados para censurar o promulgar ideas. De esta forma, los t\u00e9rminos \u2018media landscape\u2019 (o \u2018paisaje medi\u00e1tico\u2019, que alude a la constante expansi\u00f3n de los medios masivos, la publicidad y el material audiovisual en el espacio p\u00fablico) y \u2018critical subjectivity\u2019 (o \u2018subjetividad cr\u00edtica\u2019, para referirse a los modos cr\u00edticos de percepci\u00f3n, pensamiento y configuraci\u00f3n del sujeto), que el propio Muntadas ha planteado y acunado, son clave para entender su propuesta art\u00edstica.<\/p>\n<p>Sus proyectos, presentados en distintos medios -fotograf\u00eda, v\u00eddeo, publicaciones, Internet, instalaciones e intervenciones en espacios urbanos-, se han exhibido en el&nbsp;<a href=\"https:\/\/es.wikipedia.org\/wiki\/MoMA\">MoMA<\/a>&nbsp;de Nueva York, el Berkeley Art Museum de California, el Mus\u00e9e Contemporain de Montreal, el&nbsp;<a href=\"https:\/\/es.wikipedia.org\/wiki\/Museo_Nacional_Centro_de_Arte_Reina_Sof%C3%ADa\">Museo Nacional Centro de Arte Reina Sof\u00eda de Madrid<\/a>, el&nbsp;<a href=\"https:\/\/es.wikipedia.org\/wiki\/Museo_de_Arte_Moderno_de_Buenos_Aires\">Museo de Arte Moderno de Buenos Aires<\/a>, el&nbsp;<a href=\"https:\/\/es.wikipedia.org\/wiki\/Museo_de_Arte_Moderno_de_R%C3%ADo_de_Janeiro\">Museu de Arte Moderno de R\u00edo de Janeiro<\/a>, el Mus\u00e9e Jeu de Paume de&nbsp;<a href=\"https:\/\/es.wikipedia.org\/wiki\/Par%C3%ADs\">Par\u00eds<\/a> y el&nbsp;<a href=\"https:\/\/es.wikipedia.org\/wiki\/Museo_de_Arte_Contempor%C3%A1neo_de_Barcelona\">Museu d\u2019Art Contemporani de Barcelona<\/a>, entre otros. Adem\u00e1s, han participado de cert\u00e1menes internacionales: en las ediciones VI y X de la&nbsp;<a href=\"https:\/\/es.wikipedia.org\/wiki\/Documenta\">Documenta de Kassel<\/a>&nbsp;(1977, 1997), en la&nbsp;<a href=\"https:\/\/es.wikipedia.org\/wiki\/Whitney_Biennial\">Whitney Biennial of American Art<\/a>&nbsp;(1991) y en la 51&nbsp;<a href=\"https:\/\/es.wikipedia.org\/wiki\/Bienal_de_Venecia\">Bienal de Venecia<\/a>&nbsp;(1976, 2005), as\u00ed como en las de&nbsp;<a href=\"https:\/\/es.wikipedia.org\/wiki\/Bienal_de_S%C3%A3o_Paulo\">S\u00e3o Paulo<\/a>, Ly\u00f3n Taipei, Gwangju, Estambul y La Habana.<\/p>\n<p>Dentro del \u00e1mbito acad\u00e9mico, Muntadas ha impartido y dirigido seminarios en diversas instituciones de Europa y Estados Unidos, incluyendo la Escuela Nacional de Bellas Artes de&nbsp;<a href=\"https:\/\/es.wikipedia.org\/wiki\/Par%C3%ADs\">Par\u00eds<\/a>, las Escuelas de Bellas Artes de&nbsp;<a href=\"https:\/\/es.wikipedia.org\/wiki\/Burdeos\">Burdeos<\/a>&nbsp;y&nbsp;<a href=\"https:\/\/es.wikipedia.org\/wiki\/Grenoble\">Grenoble<\/a>, la Universidad de California en San Diego, el&nbsp;<a href=\"https:\/\/es.wikipedia.org\/w\/index.php?title=Instituto_de_Arte_de_San_Francisco&amp;action=edit&amp;redlink=1\">Instituto de Arte de San Francisco<\/a>, la Cooper Union de Nueva York, la Academia Central de Bellas Artes de Beijing (CAFA), la Universidad de Arte de Tokio, la&nbsp;<a href=\"https:\/\/es.wikipedia.org\/wiki\/Universidad_de_S%C3%A3o_Paulo\">Universidad de S\u00e3o Paulo<\/a>&nbsp;y la&nbsp;<a href=\"https:\/\/es.wikipedia.org\/wiki\/Universidad_de_Buenos_Aires\">Universidad de Buenos Aires<\/a>. Asimismo, ha sido artista residente y profesor de varios centros de investigaci\u00f3n y educaci\u00f3n, incluyendo el Visual Studies Workshop de Rochester, el Banff Centre de Alberta, Arteleku en San Sebasti\u00e1n, el Studio National des Arts Contemporains Le Fresnoy y la Universidad de Western Sydney. De especial importancia, es la relaci\u00f3n que mantuvo con el&nbsp;<a href=\"https:\/\/es.wikipedia.org\/wiki\/Instituto_de_Tecnolog%C3%ADa_de_Massachusetts\">MIT<\/a>&nbsp;-Massachusetts Institute of Technology- por m\u00e1s de 35 a\u00f1os (1977-2014), donde ejerci\u00f3 como investigador (research fellow), profesor invitado (lecturer) y profesor (professor of practice) entre 1990 y 2014. Actualmente es profesor del Instituto Universitario de Arquitectura del V\u00e9neto de Venecia.<\/p>\n<p>Muntadas ha recibido diversos premios y becas por parte de instituciones como la John Simon Guggenheim Memorial Foundation, la Rockefeller Foundation, el&nbsp;<em>National Endowment for the Arts<\/em>, el&nbsp;<em>New York State Council on the Arts<\/em>,&nbsp;<em>Ars Electronica<\/em>&nbsp;en Linz,&nbsp;<em>Laser d\u2019Or<\/em>&nbsp;en Locarno, el&nbsp;<em>Premi Nacional d\u2019Arts Pl\u00e0stiques<\/em>&nbsp;concedido por la Generalitat de Catalunya y el&nbsp;<a href=\"https:\/\/es.wikipedia.org\/wiki\/Premio_Nacional_de_Artes_Pl%C3%A1sticas_de_Espa%C3%B1a\"><em>Premio Nacional de Artes Pl\u00e1sticas<\/em><\/a><em>&nbsp;<\/em>2005. Una de sus distinciones m\u00e1s recientes es el&nbsp;<a href=\"https:\/\/es.wikipedia.org\/wiki\/Premio_Vel%C3%A1zquez_de_Artes_Pl%C3%A1sticas\"><em>Premio Vel\u00e1zquez de Artes Pl\u00e1sticas<\/em><\/a>&nbsp;2009\u200b, otorgado por el Ministerio de Cultura espa\u00f1ol.<\/p>\n","protected":false},"excerpt":{"rendered":"<p>Antoni Muntadas&nbsp;(Barcelona, 1942) \u200bes un artista internacional multimedia, residente en&nbsp;Nueva York&nbsp;desde 1971. Desde una perspectiva cr\u00edtica, su obra aborda temas sociales, pol\u00edticos y de comunicaci\u00f3n de todo el mundo, como la relaci\u00f3n entre el espacio p\u00fablico y privado dentro de determinados marcos sociales o los canales de informaci\u00f3n y la forma en que son utilizados &hellip; <a href=\"https:\/\/www.bbaa.uma.es\/blog\/conferencia-muntadas-archivos-traducciones-y-protocolos-por-antoni-muntadas-3-12-19-1100-salon-de-actos-facultad-de-bb-aa\/\" class=\"more-link\">Seguir leyendo <span class=\"screen-reader-text\">Conferencia \u00abMuntadas: Archivos, Traducciones y Protocolos\u00bb por Antoni Muntadas. 3\/12\/19, 11:00. Sal\u00f3n de Actos F. BB.AA.<\/span> <span class=\"meta-nav\">&rarr;<\/span><\/a><\/p>\n","protected":false},"author":10,"featured_media":6183,"comment_status":"closed","ping_status":"open","sticky":false,"template":"","format":"standard","meta":{"ngg_post_thumbnail":0,"footnotes":""},"categories":[19,16],"tags":[],"class_list":["post-6181","post","type-post","status-publish","format-standard","has-post-thumbnail","hentry","category-conferencias","category-cultura"],"_links":{"self":[{"href":"https:\/\/www.bbaa.uma.es\/blog\/wp-json\/wp\/v2\/posts\/6181","targetHints":{"allow":["GET"]}}],"collection":[{"href":"https:\/\/www.bbaa.uma.es\/blog\/wp-json\/wp\/v2\/posts"}],"about":[{"href":"https:\/\/www.bbaa.uma.es\/blog\/wp-json\/wp\/v2\/types\/post"}],"author":[{"embeddable":true,"href":"https:\/\/www.bbaa.uma.es\/blog\/wp-json\/wp\/v2\/users\/10"}],"replies":[{"embeddable":true,"href":"https:\/\/www.bbaa.uma.es\/blog\/wp-json\/wp\/v2\/comments?post=6181"}],"version-history":[{"count":0,"href":"https:\/\/www.bbaa.uma.es\/blog\/wp-json\/wp\/v2\/posts\/6181\/revisions"}],"wp:featuredmedia":[{"embeddable":true,"href":"https:\/\/www.bbaa.uma.es\/blog\/wp-json\/wp\/v2\/media\/6183"}],"wp:attachment":[{"href":"https:\/\/www.bbaa.uma.es\/blog\/wp-json\/wp\/v2\/media?parent=6181"}],"wp:term":[{"taxonomy":"category","embeddable":true,"href":"https:\/\/www.bbaa.uma.es\/blog\/wp-json\/wp\/v2\/categories?post=6181"},{"taxonomy":"post_tag","embeddable":true,"href":"https:\/\/www.bbaa.uma.es\/blog\/wp-json\/wp\/v2\/tags?post=6181"}],"curies":[{"name":"wp","href":"https:\/\/api.w.org\/{rel}","templated":true}]}}