{"id":583,"date":"2012-03-11T20:08:12","date_gmt":"2012-03-11T20:08:12","guid":{"rendered":"http:\/\/www.bbaa.uma.es\/blog\/?p=583"},"modified":"2012-03-11T20:08:12","modified_gmt":"2012-03-11T20:08:12","slug":"exposicion","status":"publish","type":"post","link":"https:\/\/www.bbaa.uma.es\/blog\/exposicion\/","title":{"rendered":"Exposici\u00f3n"},"content":{"rendered":"<p>Alumnos de la asignatura de Proyectos de Dise\u00f1o Gr\u00e1fico exponen sus Manuales de Identidad Corporativa del 9 al 23 de marzo de 2012, en la Sala de Exposiciones de la Facultad de Bellas Artes de M\u00e1laga.<a href=\"http:\/\/www.bbaa.uma.es\/blog\/wp-content\/uploads\/2012\/03\/Exposicion-IDENTIDADES-CREATIVAS.jpg\"><img loading=\"lazy\" decoding=\"async\" class=\"aligncenter size-full wp-image-584\" title=\"Exposicion IDENTIDADES CREATIVAS\" src=\"http:\/\/www.bbaa.uma.es\/blog\/wp-content\/uploads\/2012\/03\/Exposicion-IDENTIDADES-CREATIVAS.jpg\" alt=\"\" width=\"378\" height=\"416\" srcset=\"https:\/\/www.bbaa.uma.es\/blog\/wp-content\/uploads\/2012\/03\/Exposicion-IDENTIDADES-CREATIVAS.jpg 378w, https:\/\/www.bbaa.uma.es\/blog\/wp-content\/uploads\/2012\/03\/Exposicion-IDENTIDADES-CREATIVAS-272x300.jpg 272w\" sizes=\"auto, (max-width: 378px) 100vw, 378px\" \/><\/a><\/p>\n","protected":false},"excerpt":{"rendered":"<p>Alumnos de la asignatura de Proyectos de Dise\u00f1o Gr\u00e1fico exponen sus Manuales de Identidad Corporativa del 9 al 23 de marzo de 2012, en la Sala de Exposiciones de la Facultad de Bellas Artes de M\u00e1laga.<\/p>\n","protected":false},"author":14,"featured_media":584,"comment_status":"open","ping_status":"open","sticky":false,"template":"","format":"standard","meta":{"ngg_post_thumbnail":0,"footnotes":""},"categories":[17,6],"tags":[],"class_list":["post-583","post","type-post","status-publish","format-standard","has-post-thumbnail","hentry","category-alumnos","category-exposiciones"],"_links":{"self":[{"href":"https:\/\/www.bbaa.uma.es\/blog\/wp-json\/wp\/v2\/posts\/583","targetHints":{"allow":["GET"]}}],"collection":[{"href":"https:\/\/www.bbaa.uma.es\/blog\/wp-json\/wp\/v2\/posts"}],"about":[{"href":"https:\/\/www.bbaa.uma.es\/blog\/wp-json\/wp\/v2\/types\/post"}],"author":[{"embeddable":true,"href":"https:\/\/www.bbaa.uma.es\/blog\/wp-json\/wp\/v2\/users\/14"}],"replies":[{"embeddable":true,"href":"https:\/\/www.bbaa.uma.es\/blog\/wp-json\/wp\/v2\/comments?post=583"}],"version-history":[{"count":0,"href":"https:\/\/www.bbaa.uma.es\/blog\/wp-json\/wp\/v2\/posts\/583\/revisions"}],"wp:featuredmedia":[{"embeddable":true,"href":"https:\/\/www.bbaa.uma.es\/blog\/wp-json\/wp\/v2\/media\/584"}],"wp:attachment":[{"href":"https:\/\/www.bbaa.uma.es\/blog\/wp-json\/wp\/v2\/media?parent=583"}],"wp:term":[{"taxonomy":"category","embeddable":true,"href":"https:\/\/www.bbaa.uma.es\/blog\/wp-json\/wp\/v2\/categories?post=583"},{"taxonomy":"post_tag","embeddable":true,"href":"https:\/\/www.bbaa.uma.es\/blog\/wp-json\/wp\/v2\/tags?post=583"}],"curies":[{"name":"wp","href":"https:\/\/api.w.org\/{rel}","templated":true}]}}