{"id":3758,"date":"2015-08-01T09:20:42","date_gmt":"2015-08-01T09:20:42","guid":{"rendered":"http:\/\/www.bbaa.uma.es\/blog\/?p=3758"},"modified":"2019-02-05T10:54:04","modified_gmt":"2019-02-05T10:54:04","slug":"exposicion-tre-silience-silence-sidence","status":"publish","type":"post","link":"https:\/\/www.bbaa.uma.es\/blog\/exposicion-tre-silience-silence-sidence\/","title":{"rendered":"Exposici\u00f3n \u201cT(RE) SILIENCE, SILENCE, SIDENCE\u201d. Exposici\u00f3n de la II Beca Artista Residente de Postgrado 2014\/2015 de la Facultad de Bellas Artes de la Universidad de M\u00e1laga"},"content":{"rendered":"<p><strong>Exposici\u00f3n \u201cT(RE) SILIENCE,&nbsp; SILENCE, SIDENCE\u201d.<\/strong> Exposici\u00f3n de la II Beca Artista Residente de Postgrado 2014\/2015 de la Facultad de Bellas Artes de la Universidad de M\u00e1laga. Fechas del 5 de octubre al 15 de noviembre de 2015.&nbsp; <strong>Inauguraci\u00f3n: Lunes 5 de octubre de 2015 a las 12h.<\/strong> Lugar: Sala del Archivo Municipal, Alameda Principal. Ayuntamiento de M\u00e1laga.&nbsp; La exposici\u00f3n de la II Beca Artista Residente de Postgrado de la Facultad de Bellas Artes de la Universidad de M\u00e1laga se plantea con el objetivo de mostrar los resultados de los tres artistas becados en la II edici\u00f3n 2014\/2015.&nbsp; Estos j\u00f3venes y prometedores artistas reci\u00e9n graduados son Javier Artero,&nbsp; Laura Franco y Gonzalo Fuentes que muestran en esta exposici\u00f3n sus respectivos proyectos de car\u00e1cter audiovisual,&nbsp; instalativo y pl\u00e1stico,<\/p>\n","protected":false},"excerpt":{"rendered":"<p>Exposici\u00f3n \u201cT(RE) SILIENCE,&nbsp; SILENCE, SIDENCE\u201d. Exposici\u00f3n de la II Beca Artista Residente de Postgrado 2014\/2015 de la Facultad de Bellas Artes de la Universidad de M\u00e1laga. Fechas del 5 de octubre al 15 de noviembre de 2015.&nbsp; Inauguraci\u00f3n: Lunes 5 de octubre de 2015 a las 12h. Lugar: Sala del Archivo Municipal, Alameda Principal. Ayuntamiento &hellip; <a href=\"https:\/\/www.bbaa.uma.es\/blog\/exposicion-tre-silience-silence-sidence\/\" class=\"more-link\">Seguir leyendo <span class=\"screen-reader-text\">Exposici\u00f3n \u201cT(RE) SILIENCE, SILENCE, SIDENCE\u201d. Exposici\u00f3n de la II Beca Artista Residente de Postgrado 2014\/2015 de la Facultad de Bellas Artes de la Universidad de M\u00e1laga<\/span> <span class=\"meta-nav\">&rarr;<\/span><\/a><\/p>\n","protected":false},"author":14,"featured_media":3759,"comment_status":"closed","ping_status":"open","sticky":false,"template":"","format":"standard","meta":{"ngg_post_thumbnail":0,"footnotes":""},"categories":[34],"tags":[],"class_list":["post-3758","post","type-post","status-publish","format-standard","has-post-thumbnail","hentry","category-facultad"],"_links":{"self":[{"href":"https:\/\/www.bbaa.uma.es\/blog\/wp-json\/wp\/v2\/posts\/3758","targetHints":{"allow":["GET"]}}],"collection":[{"href":"https:\/\/www.bbaa.uma.es\/blog\/wp-json\/wp\/v2\/posts"}],"about":[{"href":"https:\/\/www.bbaa.uma.es\/blog\/wp-json\/wp\/v2\/types\/post"}],"author":[{"embeddable":true,"href":"https:\/\/www.bbaa.uma.es\/blog\/wp-json\/wp\/v2\/users\/14"}],"replies":[{"embeddable":true,"href":"https:\/\/www.bbaa.uma.es\/blog\/wp-json\/wp\/v2\/comments?post=3758"}],"version-history":[{"count":0,"href":"https:\/\/www.bbaa.uma.es\/blog\/wp-json\/wp\/v2\/posts\/3758\/revisions"}],"wp:featuredmedia":[{"embeddable":true,"href":"https:\/\/www.bbaa.uma.es\/blog\/wp-json\/wp\/v2\/media\/3759"}],"wp:attachment":[{"href":"https:\/\/www.bbaa.uma.es\/blog\/wp-json\/wp\/v2\/media?parent=3758"}],"wp:term":[{"taxonomy":"category","embeddable":true,"href":"https:\/\/www.bbaa.uma.es\/blog\/wp-json\/wp\/v2\/categories?post=3758"},{"taxonomy":"post_tag","embeddable":true,"href":"https:\/\/www.bbaa.uma.es\/blog\/wp-json\/wp\/v2\/tags?post=3758"}],"curies":[{"name":"wp","href":"https:\/\/api.w.org\/{rel}","templated":true}]}}