{"id":362,"date":"2011-12-23T00:40:02","date_gmt":"2011-12-23T00:40:02","guid":{"rendered":"http:\/\/www.bbaa.uma.es\/blog\/?p=362"},"modified":"2011-12-23T00:40:02","modified_gmt":"2011-12-23T00:40:02","slug":"homenaje-a-carmen-osuna","status":"publish","type":"post","link":"https:\/\/www.bbaa.uma.es\/blog\/homenaje-a-carmen-osuna\/","title":{"rendered":"Homenaje a Carmen Osuna"},"content":{"rendered":"<p>El pasado mi\u00e9rcoles 17 de diciembre tuvo lugar una <strong>cena-homenaje<\/strong> a nuestra anterior decana <strong>Carmen Osuna, <\/strong>en la que fue arropada por amigos y compa\u00f1eros entre los que se encontraban\u00a0el actual Equipo Decanal, el profesorado y personal de servicios de la facultad tanto de su etapa en el Aulario Severo Ochoa del campus Teatinos como de la actual en el campus de El Ejido.<\/p>\n<p>En este acto,\u00a0\u00a0Salvador Haro, actual decano de la facultad, agradeci\u00f3 en nombre de todos los presentes la labor realizada por Carmen Osuna en la creaci\u00f3n y puesta en marcha de la facultad, as\u00ed como de su entrega y dedicaci\u00f3n durante todo este tiempo que estuvo al frente de la misma.<\/p>\n<p>Con esta cena\u00a0tambien se quiso rendir homenaje a dos antiguos profesores de nuestra facultad: <strong>Cristina Pastor<\/strong> y <strong>Jos\u00e9 Lu\u00eds Vill\u00e9n <\/strong>por su buen hacer y entrega en su labor docente durante los primeros a\u00f1os de andadura de la facultad.<\/p>\n<p><a href=\"http:\/\/www.bbaa.uma.es\/blog\/wp-content\/uploads\/2011\/12\/la-foto-11.jpg\"><img loading=\"lazy\" decoding=\"async\" class=\"size-medium wp-image-364 alignleft\" title=\"la foto (1)\" src=\"http:\/\/www.bbaa.uma.es\/blog\/wp-content\/uploads\/2011\/12\/la-foto-11-300x224.jpg\" alt=\"\" width=\"300\" height=\"224\" srcset=\"https:\/\/www.bbaa.uma.es\/blog\/wp-content\/uploads\/2011\/12\/la-foto-11-300x224.jpg 300w, https:\/\/www.bbaa.uma.es\/blog\/wp-content\/uploads\/2011\/12\/la-foto-11-785x586.jpg 785w, https:\/\/www.bbaa.uma.es\/blog\/wp-content\/uploads\/2011\/12\/la-foto-11.jpg 1205w\" sizes=\"auto, (max-width: 300px) 100vw, 300px\" \/><a href=\"http:\/\/www.bbaa.uma.es\/blog\/wp-content\/uploads\/2011\/12\/IMG_8767.jpg\"><img loading=\"lazy\" decoding=\"async\" class=\"size-full wp-image-365 alignright\" title=\"IMG_8767\" src=\"http:\/\/www.bbaa.uma.es\/blog\/wp-content\/uploads\/2011\/12\/IMG_8767.jpg\" alt=\"\" width=\"361\" height=\"240\" srcset=\"https:\/\/www.bbaa.uma.es\/blog\/wp-content\/uploads\/2011\/12\/IMG_8767.jpg 1024w, https:\/\/www.bbaa.uma.es\/blog\/wp-content\/uploads\/2011\/12\/IMG_8767-300x199.jpg 300w, https:\/\/www.bbaa.uma.es\/blog\/wp-content\/uploads\/2011\/12\/IMG_8767-785x522.jpg 785w, https:\/\/www.bbaa.uma.es\/blog\/wp-content\/uploads\/2011\/12\/IMG_8767-140x94.jpg 140w\" sizes=\"auto, (max-width: 361px) 100vw, 361px\" \/><\/a><\/a><\/p>\n<p>&nbsp;<\/p>\n","protected":false},"excerpt":{"rendered":"<p>El pasado mi\u00e9rcoles 17 de diciembre tuvo lugar una cena-homenaje a nuestra anterior decana Carmen Osuna, en la que fue arropada por amigos y compa\u00f1eros entre los que se encontraban\u00a0el actual Equipo Decanal, el profesorado y personal de servicios de la facultad tanto de su etapa en el Aulario Severo Ochoa del campus Teatinos como &hellip; <a href=\"https:\/\/www.bbaa.uma.es\/blog\/homenaje-a-carmen-osuna\/\" class=\"more-link\">Seguir leyendo <span class=\"screen-reader-text\">Homenaje a Carmen Osuna<\/span> <span class=\"meta-nav\">&rarr;<\/span><\/a><\/p>\n","protected":false},"author":14,"featured_media":364,"comment_status":"open","ping_status":"open","sticky":false,"template":"","format":"standard","meta":{"ngg_post_thumbnail":0,"footnotes":""},"categories":[16],"tags":[],"class_list":["post-362","post","type-post","status-publish","format-standard","has-post-thumbnail","hentry","category-cultura"],"_links":{"self":[{"href":"https:\/\/www.bbaa.uma.es\/blog\/wp-json\/wp\/v2\/posts\/362","targetHints":{"allow":["GET"]}}],"collection":[{"href":"https:\/\/www.bbaa.uma.es\/blog\/wp-json\/wp\/v2\/posts"}],"about":[{"href":"https:\/\/www.bbaa.uma.es\/blog\/wp-json\/wp\/v2\/types\/post"}],"author":[{"embeddable":true,"href":"https:\/\/www.bbaa.uma.es\/blog\/wp-json\/wp\/v2\/users\/14"}],"replies":[{"embeddable":true,"href":"https:\/\/www.bbaa.uma.es\/blog\/wp-json\/wp\/v2\/comments?post=362"}],"version-history":[{"count":0,"href":"https:\/\/www.bbaa.uma.es\/blog\/wp-json\/wp\/v2\/posts\/362\/revisions"}],"wp:featuredmedia":[{"embeddable":true,"href":"https:\/\/www.bbaa.uma.es\/blog\/wp-json\/wp\/v2\/media\/364"}],"wp:attachment":[{"href":"https:\/\/www.bbaa.uma.es\/blog\/wp-json\/wp\/v2\/media?parent=362"}],"wp:term":[{"taxonomy":"category","embeddable":true,"href":"https:\/\/www.bbaa.uma.es\/blog\/wp-json\/wp\/v2\/categories?post=362"},{"taxonomy":"post_tag","embeddable":true,"href":"https:\/\/www.bbaa.uma.es\/blog\/wp-json\/wp\/v2\/tags?post=362"}],"curies":[{"name":"wp","href":"https:\/\/api.w.org\/{rel}","templated":true}]}}