{"id":3079,"date":"2014-04-29T09:25:28","date_gmt":"2014-04-29T09:25:28","guid":{"rendered":"http:\/\/www.bbaa.uma.es\/blog\/?p=3079"},"modified":"2014-06-05T17:32:50","modified_gmt":"2014-06-05T17:32:50","slug":"instalacion-torre-de-babel","status":"publish","type":"post","link":"https:\/\/www.bbaa.uma.es\/blog\/instalacion-torre-de-babel\/","title":{"rendered":"Instalaci\u00f3n &#8216;TORRE DE BABEL&#8217;"},"content":{"rendered":"<p>Inauguraci\u00f3n: 30 de abril a las 19:00 horas.<br \/>\nFecha: Desde el 30 de abril al 11 de mayo 2014.<br \/>\nHorario: abierto las 24 horas.<br \/>\nLugar: Muelle 2, Espacio Iniciarte, Sala del Palmeral de las Sorpresas.<\/p>\n<p>Torre de Babel es un proyecto realizado por Jonatan S\u00e1nchez \u00c1vila y Alejandro Villalobos P\u00e9rez, alumnos de la Facultad de Bellas Artes de la Universidad de M\u00e1laga, y comisariado por el profesor Juan Carlos Robles. Se presenta, a trav\u00e9s del Vicerrectorado de Extensi\u00f3n Universitaria en el contexto de la Feria del Libro de M\u00e1laga. Su dimensi\u00f3n conceptual ha requerido para su exposici\u00f3n salir del aula y ofrecerse a la ciudad como intervenci\u00f3n en el espacio p\u00fablico de tr\u00e1nsito.<\/p>\n<p>La propuesta que se expone parte de un hecho: la sobreinformaci\u00f3n que hay actualmente en una era marcada por el hecho tecnol\u00f3gico y la globalizaci\u00f3n. En este sentido, la instalaci\u00f3n toma la forma de amontonamiento de libros en un contenedor de derribos y se perfila como un material aleg\u00f3rico que alude a lo inabarcable del saber.<\/p>\n<p>El libro que ha sido un objeto utilizado para transmitir conocimientos a trav\u00e9s de los siglos aparece en esta instalaci\u00f3n bajo la forma po\u00e9tica del deshecho. Su plasticidad nos permite plantear una reflexi\u00f3n sobre esa cantidad de saber que no podemos alcanzar por la ingente informaci\u00f3n que hoy en d\u00eda nos rodea. La obra, al mismo tiempo, introduce el tema de los excedentes de la sociedad y la cultura del reciclaje, pretexto para realizar una intervenci\u00f3n en la que el espectador participa tanto en la construcci\u00f3n, como en la deconstrucci\u00f3n de la obra que se ofrece al transe\u00fante como un juego de recuperaci\u00f3n y p\u00e9rdida.<\/p>\n<p><a href=\"http:\/\/www.bbaa.uma.es\/blog\/wp-content\/uploads\/2014\/04\/cartel-torre-babel-.jpg\"><img loading=\"lazy\" decoding=\"async\" class=\"alignnone size-full wp-image-3081\" src=\"http:\/\/www.bbaa.uma.es\/blog\/wp-content\/uploads\/2014\/04\/cartel-torre-babel-.jpg\" alt=\"cuba_TB_02\" width=\"2566\" height=\"3500\" srcset=\"https:\/\/www.bbaa.uma.es\/blog\/wp-content\/uploads\/2014\/04\/cartel-torre-babel-.jpg 660w, https:\/\/www.bbaa.uma.es\/blog\/wp-content\/uploads\/2014\/04\/cartel-torre-babel--219x300.jpg 219w, https:\/\/www.bbaa.uma.es\/blog\/wp-content\/uploads\/2014\/04\/cartel-torre-babel--750x1024.jpg 750w\" sizes=\"auto, (max-width: 2566px) 100vw, 2566px\" \/><\/a><\/p>\n","protected":false},"excerpt":{"rendered":"<p>Inauguraci\u00f3n: 30 de abril a las 19:00 horas. Fecha: Desde el 30 de abril al 11 de mayo 2014. Horario: abierto las 24 horas. Lugar: Muelle 2, Espacio Iniciarte, Sala del Palmeral de las Sorpresas. Torre de Babel es un proyecto realizado por Jonatan S\u00e1nchez \u00c1vila y Alejandro Villalobos P\u00e9rez, alumnos de la Facultad de &hellip; <a href=\"https:\/\/www.bbaa.uma.es\/blog\/instalacion-torre-de-babel\/\" class=\"more-link\">Seguir leyendo <span class=\"screen-reader-text\">Instalaci\u00f3n &#8216;TORRE DE BABEL&#8217;<\/span> <span class=\"meta-nav\">&rarr;<\/span><\/a><\/p>\n","protected":false},"author":14,"featured_media":3081,"comment_status":"closed","ping_status":"open","sticky":false,"template":"","format":"standard","meta":{"ngg_post_thumbnail":0,"footnotes":""},"categories":[17,6],"tags":[],"class_list":["post-3079","post","type-post","status-publish","format-standard","has-post-thumbnail","hentry","category-alumnos","category-exposiciones"],"_links":{"self":[{"href":"https:\/\/www.bbaa.uma.es\/blog\/wp-json\/wp\/v2\/posts\/3079","targetHints":{"allow":["GET"]}}],"collection":[{"href":"https:\/\/www.bbaa.uma.es\/blog\/wp-json\/wp\/v2\/posts"}],"about":[{"href":"https:\/\/www.bbaa.uma.es\/blog\/wp-json\/wp\/v2\/types\/post"}],"author":[{"embeddable":true,"href":"https:\/\/www.bbaa.uma.es\/blog\/wp-json\/wp\/v2\/users\/14"}],"replies":[{"embeddable":true,"href":"https:\/\/www.bbaa.uma.es\/blog\/wp-json\/wp\/v2\/comments?post=3079"}],"version-history":[{"count":0,"href":"https:\/\/www.bbaa.uma.es\/blog\/wp-json\/wp\/v2\/posts\/3079\/revisions"}],"wp:featuredmedia":[{"embeddable":true,"href":"https:\/\/www.bbaa.uma.es\/blog\/wp-json\/wp\/v2\/media\/3081"}],"wp:attachment":[{"href":"https:\/\/www.bbaa.uma.es\/blog\/wp-json\/wp\/v2\/media?parent=3079"}],"wp:term":[{"taxonomy":"category","embeddable":true,"href":"https:\/\/www.bbaa.uma.es\/blog\/wp-json\/wp\/v2\/categories?post=3079"},{"taxonomy":"post_tag","embeddable":true,"href":"https:\/\/www.bbaa.uma.es\/blog\/wp-json\/wp\/v2\/tags?post=3079"}],"curies":[{"name":"wp","href":"https:\/\/api.w.org\/{rel}","templated":true}]}}