{"id":2817,"date":"2014-01-09T19:30:49","date_gmt":"2014-01-09T19:30:49","guid":{"rendered":"http:\/\/www.bbaa.uma.es\/blog\/?p=2817"},"modified":"2014-07-17T16:06:17","modified_gmt":"2014-07-17T16:06:17","slug":"ii-curso-de-pintura-del-natural","status":"publish","type":"post","link":"https:\/\/www.bbaa.uma.es\/blog\/ii-curso-de-pintura-del-natural\/","title":{"rendered":"II CURSO DE PINTURA DEL NATURAL"},"content":{"rendered":"<h2 style=\"text-align: left;\" align=\"center\">II CURSO DE ESPECIALIZACI\u00d3N EN PINTURA DEL NATURAL: NATURALEZA VIVA: EL DESNUDO Y EL PAISAJE. APRENDER A VER, SENTIR, EXPRESAR.<\/h2>\n<p><a href=\"http:\/\/www.uma.es\/vrue\/tpropias\/preview.php?codigo=81521313001-2\" target=\"_blank\">http:\/\/www.uma.es\/vrue\/tpropias\/preview.php?codigo=81521313001-2<\/a><\/p>\n<p><b>Descripci\u00f3n:\u00a0<\/b>Taller con modelo de desnudo presencial y jornada al aire libre para estudio del paisaje y pintura del natural.<br \/>\n<b>Departamento:<\/b>\u00a0\u00a0UTA de la Facultad de Bellas Artes.<br \/>\n<b>Director:<\/b>\u00a0\u00a0Roc\u00edo Sacrist\u00e1n Cuadr\u00f3n<br \/>\n<b>E-mail:<\/b>\u00a0\u00a0rsacristan@uma.es<br \/>\n<b>Precio:<\/b>\u00a0\u00a0100.00 \u20ac<\/p>\n<p class=\"p1\"><b>Fecha pago hasta:<\/b>\u00a0\u00a001\/07\/2014<br \/>\n<b>1\u00ba plazo:<\/b>\u00a0\u00a0100.00 \u20ac\u00a0\u00a0\u00a0\u00a0\u00a0\u00a0\u00a0<b>Fecha:<\/b>\u00a0\u00a001\/07\/2014<br \/>\n<b>2\u00ba plazo:<\/b>\u00a0\u00a00.00 \u20ac\u00a0\u00a0\u00a0\u00a0\u00a0\u00a0\u00a0<b>Fecha:<\/b>\u00a0\u00a001\/07\/2014<\/p>\n<p class=\"p1\"><b>Fecha de Inicio:<\/b>\u00a0\u00a001\/07\/2014<br \/>\n<b>Fecha de Fin:<\/b>\u00a0\u00a021\/07\/2014<br \/>\n<b>Lugar:<\/b>\u00a0\u00a0Facultad de Bellas Artes.<\/p>\n<p class=\"p1\"><b>Requisitos de acceso:<br \/>\n<\/b>CONDICIONES GENERALES DE ACCESO A LA UNIVERSIDAD.<br \/>\nCONOCIMIENTOS B\u00c1SICOS SOBRE T\u00c9CNICAS PICT\u00d3RICAS.<\/p>\n<p class=\"p1\">CALENDARIO Y HORARIO:<br \/>\n1, 3, 4, 8, 10, 11, 15, 17, 18 y 22 de Julio de 10:00 a 14:00 H.<\/p>\n<p><span style=\"text-decoration: underline;\">Duracion y creditos ECTS<\/span><br \/>\n<b>Docencia te\u00f3rico-pr\u00e1ctica en aula:<\/b>\u00a0\u00a04.00 ECTS<br \/>\n<b>Cr\u00e9ditos europeos totales:<\/b>\u00a0\u00a04.00 <strong>ECTS<\/strong><br \/>\n<b>Horas de clase presencial:<\/b>\u00a0\u00a040.00<br \/>\n<b>Horas de trabajo del estudiante:<\/b>\u00a0\u00a0100.00<\/p>\n<hr \/>\n<p><strong>PROGRAMA:<\/strong><\/p>\n<p>BLOQUE I<br \/>\n1.- Introducci\u00f3n.<br \/>\n2.- Terminolog\u00eda y conceptos pict\u00f3ricos.<br \/>\n3.- Figuraci\u00f3n y representaci\u00f3n: el desnudo en las culturas primitivas y tradicionales. El ideal cl\u00e1sico, mitolog\u00eda,<br \/>\ndeidades y sus influencia en occidente.<br \/>\n4.- La lectura de la imagen: Iconolog\u00eda e iconograf\u00eda del desnudo en los distintos periodos de la historia.<br \/>\n5.- Atributos de la forma: composici\u00f3n, l\u00edneas y dem\u00e1s elementos.<\/p>\n<p>BLOQUE II<br \/>\n6.- La luz en el desnudo.<br \/>\n7.- Estudio del claroscuro. Los contrastes y valoraciones.<br \/>\n8.- Los atributos del color.<br \/>\n9.- M\u00e9todos de apuntes y bocetos para habituar al alumno al<br \/>\nan\u00e1lisis y representaci\u00f3n de la figura humana.<br \/>\n10.- An\u00e1lisis y s\u00edntesis de la figura humana.<\/p>\n<p>BLOQUE III<br \/>\n11.- Movimiento y estatismo en el desnudo.<br \/>\n12.- Organizaci\u00f3n de la estructura espacial bidimensional de modo integral y su aplicaci\u00f3n.<\/p>\n<p>BLOQUE IV<br \/>\n13.- Estudio de la huella como generadora de la forma y los\u00a0vol\u00famenes del cuerpo, como registro de texturas, como\u00a0v\u00ednculo de uni\u00f3n entre figura y espacio o como ruptura de\u00a0l\u00edmites.<br \/>\n14.- Construcci\u00f3n de proporciones. La desproporci\u00f3n intencionada\u00a0como recurso expresivo. Proporci\u00f3n entre el cuerpo y su\u00a0ubicaci\u00f3n.<br \/>\n15.- El movimiento y el gesto como comunicador de emociones.<br \/>\n16.- La necesidad de relacionar espacio y figura para\u00a0transmitir una idea completa.<br \/>\n17.- Juegos compositivos y su relaci\u00f3n con las gamas crom\u00e1ticas\u00a0para potenciar efectos psicol\u00f3gicos.<br \/>\n18.- La importancia de encontrar el proceso pict\u00f3rico adecuado a\u00a0la imagen que deseamos generar.<br \/>\n19.- Argumentos b\u00e1sicos para argumentar una idea pict\u00f3rica:\u00a0or\u00edgenes, intencionalidad, elecci\u00f3n del proceso, imagen\u00a0final.<\/p>\n","protected":false},"excerpt":{"rendered":"<p>II CURSO DE ESPECIALIZACI\u00d3N EN PINTURA DEL NATURAL: NATURALEZA VIVA: EL DESNUDO Y EL PAISAJE. APRENDER A VER, SENTIR, EXPRESAR. http:\/\/www.uma.es\/vrue\/tpropias\/preview.php?codigo=81521313001-2 Descripci\u00f3n:\u00a0Taller con modelo de desnudo presencial y jornada al aire libre para estudio del paisaje y pintura del natural. Departamento:\u00a0\u00a0UTA de la Facultad de Bellas Artes. Director:\u00a0\u00a0Roc\u00edo Sacrist\u00e1n Cuadr\u00f3n E-mail:\u00a0\u00a0rsacristan@uma.es Precio:\u00a0\u00a0100.00 \u20ac Fecha pago &hellip; <a href=\"https:\/\/www.bbaa.uma.es\/blog\/ii-curso-de-pintura-del-natural\/\" class=\"more-link\">Seguir leyendo <span class=\"screen-reader-text\">II CURSO DE PINTURA DEL NATURAL<\/span> <span class=\"meta-nav\">&rarr;<\/span><\/a><\/p>\n","protected":false},"author":14,"featured_media":2871,"comment_status":"closed","ping_status":"open","sticky":false,"template":"","format":"standard","meta":{"ngg_post_thumbnail":0,"footnotes":""},"categories":[35],"tags":[],"class_list":["post-2817","post","type-post","status-publish","format-standard","has-post-thumbnail","hentry","category-titulos-propios"],"_links":{"self":[{"href":"https:\/\/www.bbaa.uma.es\/blog\/wp-json\/wp\/v2\/posts\/2817","targetHints":{"allow":["GET"]}}],"collection":[{"href":"https:\/\/www.bbaa.uma.es\/blog\/wp-json\/wp\/v2\/posts"}],"about":[{"href":"https:\/\/www.bbaa.uma.es\/blog\/wp-json\/wp\/v2\/types\/post"}],"author":[{"embeddable":true,"href":"https:\/\/www.bbaa.uma.es\/blog\/wp-json\/wp\/v2\/users\/14"}],"replies":[{"embeddable":true,"href":"https:\/\/www.bbaa.uma.es\/blog\/wp-json\/wp\/v2\/comments?post=2817"}],"version-history":[{"count":0,"href":"https:\/\/www.bbaa.uma.es\/blog\/wp-json\/wp\/v2\/posts\/2817\/revisions"}],"wp:featuredmedia":[{"embeddable":true,"href":"https:\/\/www.bbaa.uma.es\/blog\/wp-json\/wp\/v2\/media\/2871"}],"wp:attachment":[{"href":"https:\/\/www.bbaa.uma.es\/blog\/wp-json\/wp\/v2\/media?parent=2817"}],"wp:term":[{"taxonomy":"category","embeddable":true,"href":"https:\/\/www.bbaa.uma.es\/blog\/wp-json\/wp\/v2\/categories?post=2817"},{"taxonomy":"post_tag","embeddable":true,"href":"https:\/\/www.bbaa.uma.es\/blog\/wp-json\/wp\/v2\/tags?post=2817"}],"curies":[{"name":"wp","href":"https:\/\/api.w.org\/{rel}","templated":true}]}}