{"id":2755,"date":"2013-12-10T13:23:54","date_gmt":"2013-12-10T13:23:54","guid":{"rendered":"http:\/\/www.bbaa.uma.es\/blog\/?p=2755"},"modified":"2013-12-24T15:19:52","modified_gmt":"2013-12-24T15:19:52","slug":"2755","status":"publish","type":"post","link":"https:\/\/www.bbaa.uma.es\/blog\/2755\/","title":{"rendered":"Conferencia \u00abRelaciones entre Arte y M\u00fasica\u00bb"},"content":{"rendered":"<p><strong>Conferencia sobre las relaciones entre arte y m\u00fasica\u00a0que establecieron\u00a0las artes de vanguardia de principios\u00a0del s. XX.<\/strong><\/p>\n<p><strong>Mi\u00e9rcoles 11 de diciembre de 2013 en el\u00a0Sal\u00f3n de Actos de la Facultad de Bellas Artes a las 11.30 hs.<\/strong><\/p>\n<p>Opus 90 (<a href=\"http:\/\/www.opus90.com\" target=\"_blank\">www.opus90.com<\/a>) es una asociaci\u00f3n de difusi\u00f3n de la cultural\u00a0musical que realizar\u00e1 en la Facultad de Bellas Artes una sesi\u00f3n de\u00a0introducci\u00f3n a las relaciones que las artes de vanguardia de principios\u00a0del s. XX establecieron entre arte y m\u00fasica. As\u00ed, se centrar\u00e1n en el caso\u00a0concreto de los v\u00ednculos entre las obras de Kandinsky y Schoenberg, en el\u00a0sentido de c\u00f3mo ambas abren nuevos y f\u00e9rtiles caminos de investigaci\u00f3n\u00a0ling\u00fc\u00edstica en la pintura y la m\u00fasica a partir de la interrelaci\u00f3n entre\u00a0ellas.<\/p>\n<p><a href=\"http:\/\/www.bbaa.uma.es\/blog\/wp-content\/uploads\/2013\/12\/CARTELopus90.png\"><img loading=\"lazy\" decoding=\"async\" alt=\"CARTELopus90\" src=\"http:\/\/www.bbaa.uma.es\/blog\/wp-content\/uploads\/2013\/12\/CARTELopus90.png\" width=\"1242\" height=\"1761\" \/><\/a><\/p>\n","protected":false},"excerpt":{"rendered":"<p>Conferencia sobre las relaciones entre arte y m\u00fasica\u00a0que establecieron\u00a0las artes de vanguardia de principios\u00a0del s. XX. Mi\u00e9rcoles 11 de diciembre de 2013 en el\u00a0Sal\u00f3n de Actos de la Facultad de Bellas Artes a las 11.30 hs. Opus 90 (www.opus90.com) es una asociaci\u00f3n de difusi\u00f3n de la cultural\u00a0musical que realizar\u00e1 en la Facultad de Bellas Artes &hellip; <a href=\"https:\/\/www.bbaa.uma.es\/blog\/2755\/\" class=\"more-link\">Seguir leyendo <span class=\"screen-reader-text\">Conferencia \u00abRelaciones entre Arte y M\u00fasica\u00bb<\/span> <span class=\"meta-nav\">&rarr;<\/span><\/a><\/p>\n","protected":false},"author":14,"featured_media":2759,"comment_status":"closed","ping_status":"open","sticky":false,"template":"","format":"standard","meta":{"ngg_post_thumbnail":0,"footnotes":""},"categories":[19],"tags":[],"class_list":["post-2755","post","type-post","status-publish","format-standard","has-post-thumbnail","hentry","category-conferencias"],"_links":{"self":[{"href":"https:\/\/www.bbaa.uma.es\/blog\/wp-json\/wp\/v2\/posts\/2755","targetHints":{"allow":["GET"]}}],"collection":[{"href":"https:\/\/www.bbaa.uma.es\/blog\/wp-json\/wp\/v2\/posts"}],"about":[{"href":"https:\/\/www.bbaa.uma.es\/blog\/wp-json\/wp\/v2\/types\/post"}],"author":[{"embeddable":true,"href":"https:\/\/www.bbaa.uma.es\/blog\/wp-json\/wp\/v2\/users\/14"}],"replies":[{"embeddable":true,"href":"https:\/\/www.bbaa.uma.es\/blog\/wp-json\/wp\/v2\/comments?post=2755"}],"version-history":[{"count":0,"href":"https:\/\/www.bbaa.uma.es\/blog\/wp-json\/wp\/v2\/posts\/2755\/revisions"}],"wp:featuredmedia":[{"embeddable":true,"href":"https:\/\/www.bbaa.uma.es\/blog\/wp-json\/wp\/v2\/media\/2759"}],"wp:attachment":[{"href":"https:\/\/www.bbaa.uma.es\/blog\/wp-json\/wp\/v2\/media?parent=2755"}],"wp:term":[{"taxonomy":"category","embeddable":true,"href":"https:\/\/www.bbaa.uma.es\/blog\/wp-json\/wp\/v2\/categories?post=2755"},{"taxonomy":"post_tag","embeddable":true,"href":"https:\/\/www.bbaa.uma.es\/blog\/wp-json\/wp\/v2\/tags?post=2755"}],"curies":[{"name":"wp","href":"https:\/\/api.w.org\/{rel}","templated":true}]}}