{"id":252,"date":"2011-11-09T11:58:33","date_gmt":"2011-11-09T11:58:33","guid":{"rendered":"http:\/\/www.bbaa.uma.es\/blog\/?p=252"},"modified":"2011-11-14T22:19:30","modified_gmt":"2011-11-14T22:19:30","slug":"despedida-como-decana-carmen-osuna","status":"publish","type":"post","link":"https:\/\/www.bbaa.uma.es\/blog\/despedida-como-decana-carmen-osuna\/","title":{"rendered":"Despedida como decana. Carmen Osuna"},"content":{"rendered":"<p>Despedida de Carmen Osuna como Decana de la Facultad de Bellas Artes de M\u00e1laga<\/p>\n<p>Dirijo estas palabras de despedida y agradecimiento a todos los que me han acompa\u00f1ado durante estos seis a\u00f1os de apasionante andadura dedicados a la construcci\u00f3n de una Facultad de Bellas Artes nueva en M\u00e1laga. A Vicerrectores, Decanos de las Facultades de Bellas Artes, Decanos de la Universidad de M\u00e1laga, directores y responsables de las instituciones que nos han apoyado; a todos mis colegas profesores, que han trabajado conmigo mano a mano, al personal de administraci\u00f3n y servicios, por supuesto, a los estudiantes que han sabido comprender nuestras necesarias contradicciones y, de forma especial, a Adelaida, nuestra Rectora, que deposit\u00f3 su confianza en mi persona hace ahora seis a\u00f1os. Estas l\u00edneas dan cuenta de un tiempo vivido apasionadamente con dificultades y errores ineludibles pero tambi\u00e9n con aciertos y satisfacciones.<\/p>\n<p><!--more-->Aunque mi discurso de despedida tuvo lugar a finales de junio, en nuestra primera Junta de Centro, para dar la bienvenida al nuevo decano entrante, he necesitado estos meses de calma estival para obtener la necesaria distancia que requiere una despedida formal y abierta a todos los que no asistieron ese d\u00eda. Sin embargo este cese solo significa dar un paso a un lado, pues hoy vuelvo a dar mis clases, como no he dejado de hacerlo en estos \u00faltimos veinte a\u00f1os, con m\u00e1s intensidad que nunca. Y vuelvo a la Facultad que hemos construido en M\u00e1laga, no a la que dej\u00e9 en Granada hace seis a\u00f1os, lo cual ha sido un duro debate sentimental ya resuelto.<br \/>\nMi promesa al Rectorado fue dejar puesta en marcha una facultad que tuviera una Junta de Centro y su propio Departamento. El reto ha sido alcanzado. En junio se pudo estrenar nuestra primera Junta de Centro y realizar elecciones a Decano y en diciembre quiz\u00e1 se pueda crear el Departamento de Bellas Artes gracias al esfuerzo de los profesores que han conseguido sus acreditaciones para obtener la permanencia en la Universidad.<br \/>\nDurante estos seis a\u00f1os de vida profesional, he depositado toda mi energ\u00eda, mi tiempo y mi confianza en un proyecto de facultad diferente, pues se me dio una oportunidad que, creo, solo se presenta una vez en la vida, y deb\u00eda aprovecharla. Esto significa, haber tenido el apoyo y la confianza de una Rectora inigualable. \u201cGracias Adelaida por haber cre\u00eddo en mi trabajo\u201d.<br \/>\nTen\u00eda ante m\u00ed una facultad para estrenar, con un nuevo plan de estudios que, aunque predise\u00f1ado, tuvimos la fortuna de poder terminar de perfilar con los nuevos planes de Bolonia y de discutir, con la experiencia de la pr\u00e1ctica, en reuniones memorables con el resto de decanos de Bellas Artes de Espa\u00f1a. \u201cGracias amigos decanos por vuestros consejos\u201d.  Me fui encontrando con un grupo excepcional de profesores.  Algunos con excelente experiencia docente y otros muchos con una gran trayectoria profesional que conlleva la falta de amaneramientos o rutinas pedag\u00f3gicas. Tambi\u00e9n me encontr\u00e9 con un peque\u00f1o grupo de estudiantes deseosos de que una facultad de Bellas Artes abriera sus puertas en M\u00e1laga. \u201cGracias compa\u00f1eros y estudiantes por haber cre\u00eddo en algo casi ut\u00f3pico y haber soportado en ocasiones mi brusco y vehemente temperamento, as\u00ed como mis posibles errores\u201d. Del mismo modo agradezco la labor de una secretaria que se iniciaba conmigo en un nuevo trabajo para crear una facultad y un departamento a la vez. \u201cGracias Elvira por haber estado a mi lado trabajando discretamente codo con codo\u201d. Por \u00faltimo, no quiero olvidar al personal de administraci\u00f3n y servicios que entendi\u00f3 r\u00e1pidamente nuestra particular manera de funcionar. \u201cGracias amigos conserjes, t\u00e9cnicos de inform\u00e1tica y de secretar\u00eda, de mantenimiento y limpieza, de biblioteca y de escultura por haber comprendido que en un lugar dedicado al arte los problemas necesitan soluciones abiertas y creativas\u201d. Reitero las gracias a todo el equipo decanal y a muchos profesores que, sin cargo, han ejercido como un verdadero equipo de trabajo. Conf\u00edo en todos vosotros para continuar construyendo un proyecto cargado de entrega y libertad. Reconozco que el esfuerzo es grande, que hay situaciones de desesperaci\u00f3n; que a veces los asuntos burocr\u00e1ticos no est\u00e1n en nuestras manos y que surgen incidentes inesperados que te obligan a trabajar con dificultad y dedicar el tiempo del que dispones y del que no dispones. Ha habido momentos dif\u00edciles para m\u00ed en que no s\u00f3lo he tenido que ejercer de Decana y de Directora de Departamento sino tambi\u00e9n hacerme cargo de varios vicedecanatos, e incluso de ser mi propia secretaria, portear muebles o arreglar desag\u00fces\u2026 Pero todo esto merece la pena cuando ves que en las reuniones se vota decisi\u00f3n tras decisi\u00f3n  por unanimidad; cuando las valoraciones de los estudiantes ponen a nuestra facultad a la cabeza en la Universidad de M\u00e1laga; cuando galer\u00edas e instituciones p\u00fablicas te ofrecen sus espacios para exponer los trabajos de los estudiantes; cuando los ves ya en la calle ganando premios y mostrando una alta calidad competitiva.<br \/>\nSobre mi compromiso con la Universidad os dir\u00e9 recordando a Benedetti, y aunque a algunos no les guste, que como \u00e9l yo sigo siendo parcial   \u201c\u2026incurablemente parcial y aunque pueda sonar un poco extra\u00f1o: totalmente parcial\u201d. Creo que la creatividad y la ense\u00f1anza necesitan una toma de posici\u00f3n rotunda.<br \/>\nDesde que me designaron como Decana he procurado mantener una postura coherente de c\u00f3mo debe ser la ense\u00f1anza, con unos principios b\u00e1sicos y una ideolog\u00eda concreta: aquella que es continuamente cr\u00edtica con lo ya existente. Es gracias a ello que entre todos hemos podido construir un lugar diferente a aqu\u00e9l en el que aprendimos, en cuanto a los contenidos de las asignaturas y en lo relativo a la forma de transmitirlos. Porque ser neutro, en la ense\u00f1anza, es recluirse tras los muros de hierro para la inacci\u00f3n complaciente, el peor lugar del infierno de Dante.<br \/>\nEsta toma de postura no ha sido f\u00e1cil. Ha habido opiniones que han cuestionado la utilidad de este cambio, por supuesto revisable, pero en ninguna de estas desaprobaciones hab\u00eda un juicio cr\u00edtico escrupuloso, sino que todas coincid\u00edan con la famosa falacia de la que se sirvi\u00f3 Enrique VII para ser rey y que Hume pon\u00eda como ejemplo de falacia naturalista: Ser rey implicaba seguir si\u00e9ndolo. Un razonamiento evidentemente defectuoso.  Del \u00abas\u00ed es\u00bb  no puede inferirse el \u00abas\u00ed debe ser\u00bb.<br \/>\nPor ello, la tradici\u00f3n no es raz\u00f3n suficiente para cuestionar una propuesta cr\u00edtica de innovaci\u00f3n, a\u00fan m\u00e1s cuando hablamos de creaci\u00f3n o producci\u00f3n art\u00edstica.<br \/>\nEl arte ha dado sobradas pruebas de la falsedad del argumento naturalista, especialmente a trav\u00e9s de las vanguardias del siglo XX.<br \/>\nAhora que releo mi carta de bienvenida despu\u00e9s de seis a\u00f1os y he vivido tantos acontecimientos, observo que sigo creyendo, como dec\u00eda entonces, que el arte no es algo que se tiene, sino que se hace; que la imagen objetiva de los sentimientos, las experiencias o las ideas no se construyen por medio de ning\u00fan \u201cacto creativo\u201d, de ning\u00fan impulso m\u00e1gico: debe ser producida, y hoy a\u00f1ado, entre la necesidad y la libertad pero no bajo la obligatoriedad.  Que sigo creyendo m\u00e1s que nunca que el aprendizaje se funda en la pr\u00e1ctica, pues esta metodolog\u00eda constituye la forma de que el conocimiento se adquiera y se asiente como ya anunci\u00f3 J. Dewey. Como nos ense\u00f1ara Althusser creo que no hay teor\u00eda sino fundida con la pr\u00e1ctica, o como demostrara Ho Chi Minh y otros muchos revolucionarios, creo que solo se puede alcanzar un verdadero cambio tras la acci\u00f3n colectiva.  Por eso vuelvo a gritar: busquemos que la interdisciplinariedad y la libertad no sean confundidas con la habilitaci\u00f3n de una serie de despachos a lo largo del pasillo donde cada cual trabaja en su materia; llen\u00e9moslas de contenido tirando los tabiques, estableciendo una relaci\u00f3n dial\u00e9ctica y en perpetua crisis entre las diversas materias, hasta que se modifique el conocimiento parcelario e inerte; fomentemos la inteligencia multiforme.<br \/>\nPara que la Universidad pueda romper la frontera que la separa del exterior, ha de erigirse en un espacio donde se planteen preguntas, se contrasten opiniones y sea avivado un \u00e1nimo cr\u00edtico y reflexivo bajo la \u00f3ptica del an\u00e1lisis permanente. Quiz\u00e1 una cuesti\u00f3n que est\u00e1 en el aire, o en mi mente, es su estructura piramidal, pues pienso que perturba cuando se usa la cordialidad entre verdaderos colegas que somos todos los profesores que trabajamos en ella.<br \/>\nPor ello, desde cualquier lugar que ocupe seguir\u00e9 intentando romper las extra\u00f1as fronteras que surgen sin que lo percibamos, que de pronto se nos hacen eternas y alimentamos a veces sin confianza, manteni\u00e9ndolas como si un ente divino las hubiera creado.<br \/>\nContad todos conmigo para seguir trabajando en las transformaciones necesaria, gracias  por haberme dejado actuar de la forma libre que me caracteriza y disculpad todos mis errores.<br \/>\nPara terminar quiero dar \u00e1nimo al nuevo Decano Salvador Haro y al futuro o futura Directora de Departamento, pues una facultad siempre necesita de un gran esfuerzo y no bajar la guardia. Deseo que todo cuanto emprend\u00e1is llegue a buen t\u00e9rmino.<\/p>\n<p>A todos, con el grato recuerdo de estos a\u00f1os, os digo que cont\u00e1is con mi amistad y apoyo. Sigo cerca y trabajando por la ense\u00f1anza y el arte.<\/p>\n<p>M\u00e1laga, 3 de octubre de 2011<\/p>\n<p>Carmen Osuna<\/p>\n","protected":false},"excerpt":{"rendered":"<p>Despedida de Carmen Osuna como Decana de la Facultad de Bellas Artes de M\u00e1laga Dirijo estas palabras de despedida y agradecimiento a todos los que me han acompa\u00f1ado durante estos seis a\u00f1os de apasionante andadura dedicados a la construcci\u00f3n de una Facultad de Bellas Artes nueva en M\u00e1laga. A Vicerrectores, Decanos de las Facultades de &hellip; <a href=\"https:\/\/www.bbaa.uma.es\/blog\/despedida-como-decana-carmen-osuna\/\" class=\"more-link\">Seguir leyendo <span class=\"screen-reader-text\">Despedida como decana. Carmen Osuna<\/span> <span class=\"meta-nav\">&rarr;<\/span><\/a><\/p>\n","protected":false},"author":14,"featured_media":0,"comment_status":"open","ping_status":"open","sticky":false,"template":"","format":"standard","meta":{"ngg_post_thumbnail":0,"footnotes":""},"categories":[10],"tags":[],"class_list":["post-252","post","type-post","status-publish","format-standard","hentry","category-profesorado"],"_links":{"self":[{"href":"https:\/\/www.bbaa.uma.es\/blog\/wp-json\/wp\/v2\/posts\/252","targetHints":{"allow":["GET"]}}],"collection":[{"href":"https:\/\/www.bbaa.uma.es\/blog\/wp-json\/wp\/v2\/posts"}],"about":[{"href":"https:\/\/www.bbaa.uma.es\/blog\/wp-json\/wp\/v2\/types\/post"}],"author":[{"embeddable":true,"href":"https:\/\/www.bbaa.uma.es\/blog\/wp-json\/wp\/v2\/users\/14"}],"replies":[{"embeddable":true,"href":"https:\/\/www.bbaa.uma.es\/blog\/wp-json\/wp\/v2\/comments?post=252"}],"version-history":[{"count":0,"href":"https:\/\/www.bbaa.uma.es\/blog\/wp-json\/wp\/v2\/posts\/252\/revisions"}],"wp:attachment":[{"href":"https:\/\/www.bbaa.uma.es\/blog\/wp-json\/wp\/v2\/media?parent=252"}],"wp:term":[{"taxonomy":"category","embeddable":true,"href":"https:\/\/www.bbaa.uma.es\/blog\/wp-json\/wp\/v2\/categories?post=252"},{"taxonomy":"post_tag","embeddable":true,"href":"https:\/\/www.bbaa.uma.es\/blog\/wp-json\/wp\/v2\/tags?post=252"}],"curies":[{"name":"wp","href":"https:\/\/api.w.org\/{rel}","templated":true}]}}