{"id":1473,"date":"2013-02-05T20:19:56","date_gmt":"2013-02-05T20:19:56","guid":{"rendered":"http:\/\/www.bbaa.uma.es\/blog\/?p=1473"},"modified":"2013-09-03T12:06:34","modified_gmt":"2013-09-03T12:06:34","slug":"exposicion-objetivo-visiones","status":"publish","type":"post","link":"https:\/\/www.bbaa.uma.es\/blog\/exposicion-objetivo-visiones\/","title":{"rendered":"Exposici\u00f3n \u00abObjetivo Visiones\u00bb"},"content":{"rendered":"<p>INAUGURACI\u00d3N: pr\u00f3ximo jueves 7 de febrero de 2013 a las 18.00h.<br \/>\nSala de Exposiciones B, 1er. piso.<\/p>\n<p>Participan los estudiantes de los grupos de ma\u00f1ana y tarde de la asignatura <strong>Procesos Fotogr\u00e1ficos y audiovisuales II<\/strong>.<br \/>\nHabr\u00e1 piscolabis a cargo de Trincharte.<\/p>\n<p><a href=\"http:\/\/www.bbaa.uma.es\/blog\/wp-content\/uploads\/2013\/02\/CartelExposicion2013-Comprimido.jpg\"><img loading=\"lazy\" decoding=\"async\" class=\"alignnone size-large wp-image-1474\" alt=\"CartelExposicion2013-Comprimido\" src=\"http:\/\/www.bbaa.uma.es\/blog\/wp-content\/uploads\/2013\/02\/CartelExposicion2013-Comprimido-1024x724.jpg\" width=\"620\" height=\"438\" \/><\/a><\/p>\n","protected":false},"excerpt":{"rendered":"<p>INAUGURACI\u00d3N: pr\u00f3ximo jueves 7 de febrero de 2013 a las 18.00h. Sala de Exposiciones B, 1er. piso. Participan los estudiantes de los grupos de ma\u00f1ana y tarde de la asignatura Procesos Fotogr\u00e1ficos y audiovisuales II. Habr\u00e1 piscolabis a cargo de Trincharte.<\/p>\n","protected":false},"author":14,"featured_media":1474,"comment_status":"closed","ping_status":"open","sticky":false,"template":"","format":"standard","meta":{"ngg_post_thumbnail":0,"footnotes":""},"categories":[6],"tags":[],"class_list":["post-1473","post","type-post","status-publish","format-standard","has-post-thumbnail","hentry","category-exposiciones"],"_links":{"self":[{"href":"https:\/\/www.bbaa.uma.es\/blog\/wp-json\/wp\/v2\/posts\/1473","targetHints":{"allow":["GET"]}}],"collection":[{"href":"https:\/\/www.bbaa.uma.es\/blog\/wp-json\/wp\/v2\/posts"}],"about":[{"href":"https:\/\/www.bbaa.uma.es\/blog\/wp-json\/wp\/v2\/types\/post"}],"author":[{"embeddable":true,"href":"https:\/\/www.bbaa.uma.es\/blog\/wp-json\/wp\/v2\/users\/14"}],"replies":[{"embeddable":true,"href":"https:\/\/www.bbaa.uma.es\/blog\/wp-json\/wp\/v2\/comments?post=1473"}],"version-history":[{"count":0,"href":"https:\/\/www.bbaa.uma.es\/blog\/wp-json\/wp\/v2\/posts\/1473\/revisions"}],"wp:featuredmedia":[{"embeddable":true,"href":"https:\/\/www.bbaa.uma.es\/blog\/wp-json\/wp\/v2\/media\/1474"}],"wp:attachment":[{"href":"https:\/\/www.bbaa.uma.es\/blog\/wp-json\/wp\/v2\/media?parent=1473"}],"wp:term":[{"taxonomy":"category","embeddable":true,"href":"https:\/\/www.bbaa.uma.es\/blog\/wp-json\/wp\/v2\/categories?post=1473"},{"taxonomy":"post_tag","embeddable":true,"href":"https:\/\/www.bbaa.uma.es\/blog\/wp-json\/wp\/v2\/tags?post=1473"}],"curies":[{"name":"wp","href":"https:\/\/api.w.org\/{rel}","templated":true}]}}